{"id":27180,"date":"2021-04-19T09:21:42","date_gmt":"2021-04-19T07:21:42","guid":{"rendered":"https:\/\/cdentalas.com\/?p=27180"},"modified":"2021-04-22T13:25:20","modified_gmt":"2021-04-22T11:25:20","slug":"tots-ens-podem-fer-un-blanquejament-dental","status":"publish","type":"post","link":"https:\/\/cdentalas.com\/ca\/tots-ens-podem-fer-un-blanquejament-dental\/","title":{"rendered":"El blanquejament dental \u00e9s per a tothom?"},"content":{"rendered":"<p>[et_pb_section fb_built=&#8221;1&#8243; _builder_version=&#8221;4.8.0&#8243; _module_preset=&#8221;default&#8221;][et_pb_row _builder_version=&#8221;4.8.0&#8243; _module_preset=&#8221;default&#8221;][et_pb_column type=&#8221;4_4&#8243; _builder_version=&#8221;4.8.0&#8243; _module_preset=&#8221;default&#8221;][et_pb_text _builder_version=&#8221;4.8.0&#8243; _module_preset=&#8221;default&#8221; hover_enabled=&#8221;0&#8243; sticky_enabled=&#8221;0&#8243;]<\/p>\n<p>Tots sabem que les primeres impressions s\u00f3n molt importants, i una de les coses que criden m\u00e9s l&#8217;atenci\u00f3 d&#8217;una persona al con\u00e8ixer-la \u00e9s el seu somriure. S\u00f3n moltes les raons que ens poden portar a realitzar un blanquejament dental. Per exemple, <strong>lluir un somriure net i acurat ens ajudar\u00e0 a anar amb m\u00e9s confian\u00e7a per la vida<\/strong>, \u00e9s per aix\u00f2 que els procediments de blanquejament dental tenen tanta demanda.<\/p>\n<p>En principi, el blanquejament dental es considera un procediment no nociu, per\u00f2, com per a qualsevol altre tractament est\u00e8tic,\u00a0 cal tenir en compte, pr\u00e8viament, una s\u00e8rie d&#8217;elements.<\/p>\n<p>[\/et_pb_text][et_pb_text _builder_version=&#8221;4.8.0&#8243; _module_preset=&#8221;default&#8221; hover_enabled=&#8221;0&#8243; sticky_enabled=&#8221;0&#8243;]<\/p>\n<h2>Quines persones s\u00f3n aptes per un blanquejament dental?<\/h2>\n<p>[\/et_pb_text][et_pb_text _builder_version=&#8221;4.8.0&#8243; _module_preset=&#8221;default&#8221;]A totes aquelles persones que optin per un blanquejament a una cl\u00ednica dental se&#8217;ls requerir\u00e0 que compleixin una s\u00e8rie de condicions pr\u00e8vies:[\/et_pb_text][\/et_pb_column][\/et_pb_row][et_pb_row column_structure=&#8221;1_2,1_2&#8243; _builder_version=&#8221;4.8.0&#8243; _module_preset=&#8221;default&#8221;][et_pb_column type=&#8221;1_2&#8243; _builder_version=&#8221;4.8.0&#8243; _module_preset=&#8221;default&#8221;][et_pb_blurb use_icon=&#8221;on&#8221; font_icon=&#8221;%%36%%&#8221; icon_color=&#8221;#0C71C3&#8243; icon_placement=&#8221;left&#8221; _builder_version=&#8221;4.8.0&#8243; _module_preset=&#8221;default&#8221; hover_enabled=&#8221;0&#8243; sticky_enabled=&#8221;0&#8243;]<\/p>\n<p>Dents netes i exemptes de placa.<\/p>\n<p>[\/et_pb_blurb][et_pb_blurb use_icon=&#8221;on&#8221; font_icon=&#8221;%%36%%&#8221; icon_color=&#8221;#0C71C3&#8243; icon_placement=&#8221;left&#8221; _builder_version=&#8221;4.8.0&#8243; _module_preset=&#8221;default&#8221;]Bona higiene bucodental.[\/et_pb_blurb][\/et_pb_column][et_pb_column type=&#8221;1_2&#8243; _builder_version=&#8221;4.8.0&#8243; _module_preset=&#8221;default&#8221;][et_pb_blurb use_icon=&#8221;on&#8221; font_icon=&#8221;%%36%%&#8221; icon_color=&#8221;#0C71C3&#8243; icon_placement=&#8221;left&#8221; _builder_version=&#8221;4.8.0&#8243; _module_preset=&#8221;default&#8221;]Genives sanes.[\/et_pb_blurb][et_pb_blurb use_icon=&#8221;on&#8221; font_icon=&#8221;%%36%%&#8221; icon_color=&#8221;#0C71C3&#8243; icon_placement=&#8221;left&#8221; _builder_version=&#8221;4.8.0&#8243; _module_preset=&#8221;default&#8221;]No c\u00e0ries, fissures o infeccions.[\/et_pb_blurb][\/et_pb_column][\/et_pb_row][et_pb_row _builder_version=&#8221;4.8.0&#8243; _module_preset=&#8221;default&#8221;][et_pb_column type=&#8221;4_4&#8243; _builder_version=&#8221;4.8.0&#8243; _module_preset=&#8221;default&#8221;][et_pb_text _builder_version=&#8221;4.8.0&#8243; _module_preset=&#8221;default&#8221; hover_enabled=&#8221;0&#8243; sticky_enabled=&#8221;0&#8243;]<\/p>\n<p>Un cop superat aquest primer filtre i tota la boca estigui sana, la cl\u00ednica tindr\u00e0 en compte el cas concret de cada individu. Per exemple, aquest tractament <strong>no \u00e9s recomanable en nens menors de 16 anys d&#8217;edat<\/strong>, d&#8217;aquesta manera s&#8217;evita el possible efecte advers que pot tenir aquest procediment en l&#8217;esmalt i el nervi dental durant el seu desenvolupament.<\/p>\n<p>De la mateixa manera, se sol <strong>evitar realitzar aquest procediment durant o just despr\u00e9s de l&#8217;embar\u00e0s<\/strong>, almenys fins que s&#8217;acaba el per\u00edode de lact\u00e0ncia.<\/p>\n<p>Freq\u00fcentment les persones amb corones o implants dentals es pregunten si aix\u00f2 els permetr\u00e0 millorar la blancor de les seves dents. En aquests casos la resposta \u00e9s s\u00ed, per\u00f2 caldr\u00e0 tenir en compte que la corana o implant no es veuran afectats.<\/p>\n<p>[\/et_pb_text][\/et_pb_column][\/et_pb_row][et_pb_row column_structure=&#8221;1_2,1_2&#8243; _builder_version=&#8221;4.8.0&#8243; _module_preset=&#8221;default&#8221;][et_pb_column type=&#8221;1_2&#8243; _builder_version=&#8221;4.8.0&#8243; _module_preset=&#8221;default&#8221;][et_pb_text _builder_version=&#8221;4.8.0&#8243; _module_preset=&#8221;default&#8221;]<\/p>\n<h2>Hi ha riscos en el blanquejament dental?<\/h2>\n<p>[\/et_pb_text][et_pb_text _builder_version=&#8221;4.8.0&#8243; _module_preset=&#8221;default&#8221; hover_enabled=&#8221;0&#8243; sticky_enabled=&#8221;0&#8243;]<\/p>\n<p>Hi ha molts rumors que q\u00fcestionen si el blanquejament dental \u00e9s dolent. La veritat \u00e9s que <strong>la gran majoria dels pacients que se sotmeten a un blanquejament, aconsegueixen un bon resultat.<\/strong> De la mateixa manera, \u00e9s bo investigar i deixar-se aconsellar sobre els tipus de blanquejament dental en cl\u00ednica que existeixen i esbrinar quina \u00e9s la millor opci\u00f3 per al seu cas.<\/p>\n<p>Com qualsevol procediment m\u00e8dic, hi ha una s\u00e8rie de riscos. La m\u00e9s coneguda \u00e9s la que q\u00fcestiona la relaci\u00f3 entre el blanquejament dental i la sensibilitat, o la necessitat d&#8217;utilitzar un protector de genives per blanquejament. <strong>Per\u00f2 realment tot dep\u00e8n de si es va a una cl\u00ednica de confian\u00e7a i se segueixen totes les indicacions marcades pel dentista.<\/strong><\/p>\n<p>[\/et_pb_text][\/et_pb_column][et_pb_column type=&#8221;1_2&#8243; _builder_version=&#8221;4.8.0&#8243; _module_preset=&#8221;default&#8221;][et_pb_image src=&#8221;https:\/\/cdentalas.com\/wp-content\/uploads\/2021\/04\/blanqueamiento-dental-para-quien-es3.jpg&#8221; alt=&#8221;Tots ens podem fer un blanquejament dental?&#8221; title_text=&#8221;Tots ens podem fer un blanquejament dental?&#8221; _builder_version=&#8221;4.8.0&#8243; _module_preset=&#8221;default&#8221;][\/et_pb_image][\/et_pb_column][\/et_pb_row][et_pb_row _builder_version=&#8221;4.8.0&#8243; _module_preset=&#8221;default&#8221;][et_pb_column type=&#8221;4_4&#8243; _builder_version=&#8221;4.8.0&#8243; _module_preset=&#8221;default&#8221;][et_pb_text _builder_version=&#8221;4.8.0&#8243; _module_preset=&#8221;default&#8221;]<\/p>\n<h2>S\u00f3n bons els blanquejaments dentals que es realitzen a casa?<\/h2>\n<p>[\/et_pb_text][et_pb_text _builder_version=&#8221;4.8.0&#8243; _module_preset=&#8221;default&#8221; hover_enabled=&#8221;0&#8243; sticky_enabled=&#8221;0&#8243;]<\/p>\n<p>Per diversos motius com temps o diners se sol acudir a productes de blanquejament dental de farm\u00e0cia, o altres m\u00e8todes de blanquejament dental casol\u00e0. Per a aquests casos <strong>els professionals aconsellen pensar abans en la teva salut i llegir atentament els efectes secundaris de l&#8217;emblanquiment dental a l&#8217;usar aquests productes.<\/strong><\/p>\n<p>Recorda que una mala aplicaci\u00f3 o l&#8217;\u00fas de productes com llimona o bicarbonat poden no solament no blanquejar la dent, sin\u00f3 produir a m\u00e9s a m\u00e9s cremades a la geniva per blanquejament dental mal efectuat. Tingues cura de la teva salut i acudeix a un professional.<\/p>\n<p>[\/et_pb_text][\/et_pb_column][\/et_pb_row][et_pb_row column_structure=&#8221;1_2,1_2&#8243; _builder_version=&#8221;4.8.0&#8243; _module_preset=&#8221;default&#8221;][et_pb_column type=&#8221;1_2&#8243; _builder_version=&#8221;4.8.0&#8243; _module_preset=&#8221;default&#8221;][et_pb_image src=&#8221;https:\/\/cdentalas.com\/wp-content\/uploads\/2021\/04\/blanqueamiento-dental-para-quien-es2.jpg&#8221; alt=&#8221;Cures despr\u00e9s de l&#8217;emblanquiment dental&#8221; title_text=&#8221;Cures despr\u00e9s de l&#8217;emblanquiment dental&#8221; _builder_version=&#8221;4.8.0&#8243; _module_preset=&#8221;default&#8221;][\/et_pb_image][\/et_pb_column][et_pb_column type=&#8221;1_2&#8243; _builder_version=&#8221;4.8.0&#8243; _module_preset=&#8221;default&#8221;][et_pb_text _builder_version=&#8221;4.8.0&#8243; _module_preset=&#8221;default&#8221;]<\/p>\n<h2>Cures despr\u00e9s de l&#8217;emblanquiment dental<\/h2>\n<p>[\/et_pb_text][et_pb_text _builder_version=&#8221;4.8.0&#8243; _module_preset=&#8221;default&#8221; hover_enabled=&#8221;0&#8243; sticky_enabled=&#8221;0&#8243;]<\/p>\n<p>Respecte a quant dura un blanquejament dental, se sol dir que al voltant de dotze mesos, per\u00f2 amb el pas del temps els resultats de l&#8217;emblanquiment es comen\u00e7aran a dissipar.<\/p>\n<p>Per evitar el seu deteriorament <strong>\u00e9s important seguir rigorosament les cures de despr\u00e9s de l&#8217;emblanquiment recomanats pel teu dentista i mantenir una bona higiene.<\/strong> Tot i aix\u00ed, sempre hi ha la possibilitat de realitzar sessions de manteniment.<\/p>\n<p>[\/et_pb_text][\/et_pb_column][\/et_pb_row][et_pb_row _builder_version=&#8221;4.8.0&#8243; _module_preset=&#8221;default&#8221; locked=&#8221;off&#8221;][et_pb_column type=&#8221;4_4&#8243; _builder_version=&#8221;4.8.0&#8243; _module_preset=&#8221;default&#8221;][et_pb_cta title=&#8221;Tens algun dubte sobre el teu tractament dental?&#8221; button_url=&#8221;https:\/\/cdentalas.com\/ca\/contacte\/&#8221; button_text=&#8221;Contacta amb nosaltres ara&#8221; _builder_version=&#8221;4.8.0&#8243; _module_preset=&#8221;default&#8221; background_color=&#8221;#232323&#8243;]<\/p>\n<p>Si vols millorar l&#8217;est\u00e8tica i funcionalitat de la teva boca per l&#8217;abs\u00e8ncia de peces dentals, no ho pensis m\u00e9s i aconsegueix-lo de forma immediata acudint a Cl\u00ednica Dental As. Contacta&#8217;ns i estarem encantats d&#8217;assessorar-te.<\/p>\n<p>[\/et_pb_cta][\/et_pb_column][\/et_pb_row][\/et_pb_section]<\/p>\n","protected":false},"excerpt":{"rendered":"<p>T&#8217;agradaria lluir unes dents m\u00e9s blanques, per\u00f2 no saps si l&#8217;emblanquiment dental \u00e9s bo per a tu? Resolem els dubtes m\u00e9s comuns.<\/p>\n","protected":false},"author":5,"featured_media":27162,"comment_status":"closed","ping_status":"open","sticky":false,"template":"","format":"standard","meta":{"_et_pb_use_builder":"on","_et_pb_old_content":"","_et_gb_content_width":"","_joinchat":[],"footnotes":""},"categories":[21],"tags":[],"class_list":["post-27180","post","type-post","status-publish","format-standard","has-post-thumbnail","hentry","category-noticies"],"yoast_head":"<!-- This site is optimized with the Yoast SEO plugin v27.5 - https:\/\/yoast.com\/product\/yoast-seo-wordpress\/ -->\n<title>El blanquejament dental \u00e9s per a tothom? - Cl\u00ednica dental AS - Barcelona<\/title>\n<meta name=\"description\" content=\"T&#039;agradaria lluir unes dents m\u00e9s blanques per\u00f2 no saps si l&#039;emblanquiment dental \u00e9s bo per a tu? Resolem els dubtes m\u00e9s comuns.\" \/>\n<meta name=\"robots\" content=\"index, follow, max-snippet:-1, max-image-preview:large, max-video-preview:-1\" \/>\n<link rel=\"canonical\" href=\"https:\/\/cdentalas.com\/ca\/tots-ens-podem-fer-un-blanquejament-dental\/\" \/>\n<meta property=\"og:locale\" content=\"ca_ES\" \/>\n<meta property=\"og:type\" content=\"article\" \/>\n<meta property=\"og:title\" content=\"El blanquejament dental \u00e9s per a tothom? - Cl\u00ednica dental AS - Barcelona\" \/>\n<meta property=\"og:description\" content=\"T&#039;agradaria lluir unes dents m\u00e9s blanques per\u00f2 no saps si l&#039;emblanquiment dental \u00e9s bo per a tu? Resolem els dubtes m\u00e9s comuns.\" \/>\n<meta property=\"og:url\" content=\"https:\/\/cdentalas.com\/ca\/tots-ens-podem-fer-un-blanquejament-dental\/\" \/>\n<meta property=\"og:site_name\" content=\"Cl\u00ednica dental AS - Barcelona\" \/>\n<meta property=\"article:published_time\" content=\"2021-04-19T07:21:42+00:00\" \/>\n<meta property=\"article:modified_time\" content=\"2021-04-22T11:25:20+00:00\" \/>\n<meta property=\"og:image\" content=\"https:\/\/cdentalas.com\/wp-content\/uploads\/2021\/04\/blanqueamiento-dental-para-quien-es.jpg\" \/>\n\t<meta property=\"og:image:width\" content=\"1000\" \/>\n\t<meta property=\"og:image:height\" content=\"500\" \/>\n\t<meta property=\"og:image:type\" content=\"image\/jpeg\" \/>\n<meta name=\"author\" content=\"Dra. S\u00f2nia Herrera\" \/>\n<meta name=\"twitter:card\" content=\"summary_large_image\" \/>\n<meta name=\"twitter:label1\" content=\"Escrit per\" \/>\n\t<meta name=\"twitter:data1\" content=\"Dra. S\u00f2nia Herrera\" \/>\n\t<meta name=\"twitter:label2\" content=\"Temps estimat de lectura\" \/>\n\t<meta name=\"twitter:data2\" content=\"6 minuts\" \/>\n<script type=\"application\/ld+json\" class=\"yoast-schema-graph\">{\"@context\":\"https:\\\/\\\/schema.org\",\"@graph\":[{\"@type\":\"Article\",\"@id\":\"https:\\\/\\\/cdentalas.com\\\/ca\\\/tots-ens-podem-fer-un-blanquejament-dental\\\/#article\",\"isPartOf\":{\"@id\":\"https:\\\/\\\/cdentalas.com\\\/ca\\\/tots-ens-podem-fer-un-blanquejament-dental\\\/\"},\"author\":{\"name\":\"Dra. S\u00f2nia Herrera\",\"@id\":\"https:\\\/\\\/cdentalas.com\\\/#\\\/schema\\\/person\\\/f2251d5e6d561019baf821380d583846\"},\"headline\":\"El blanquejament dental \u00e9s per a tothom?\",\"datePublished\":\"2021-04-19T07:21:42+00:00\",\"dateModified\":\"2021-04-22T11:25:20+00:00\",\"mainEntityOfPage\":{\"@id\":\"https:\\\/\\\/cdentalas.com\\\/ca\\\/tots-ens-podem-fer-un-blanquejament-dental\\\/\"},\"wordCount\":1229,\"image\":{\"@id\":\"https:\\\/\\\/cdentalas.com\\\/ca\\\/tots-ens-podem-fer-un-blanquejament-dental\\\/#primaryimage\"},\"thumbnailUrl\":\"https:\\\/\\\/cdentalas.com\\\/wp-content\\\/uploads\\\/2021\\\/04\\\/blanqueamiento-dental-para-quien-es.jpg\",\"articleSection\":[\"Not\u00edcies\"],\"inLanguage\":\"ca\"},{\"@type\":\"WebPage\",\"@id\":\"https:\\\/\\\/cdentalas.com\\\/ca\\\/tots-ens-podem-fer-un-blanquejament-dental\\\/\",\"url\":\"https:\\\/\\\/cdentalas.com\\\/ca\\\/tots-ens-podem-fer-un-blanquejament-dental\\\/\",\"name\":\"El blanquejament dental \u00e9s per a tothom? - Cl\u00ednica dental AS - Barcelona\",\"isPartOf\":{\"@id\":\"https:\\\/\\\/cdentalas.com\\\/#website\"},\"primaryImageOfPage\":{\"@id\":\"https:\\\/\\\/cdentalas.com\\\/ca\\\/tots-ens-podem-fer-un-blanquejament-dental\\\/#primaryimage\"},\"image\":{\"@id\":\"https:\\\/\\\/cdentalas.com\\\/ca\\\/tots-ens-podem-fer-un-blanquejament-dental\\\/#primaryimage\"},\"thumbnailUrl\":\"https:\\\/\\\/cdentalas.com\\\/wp-content\\\/uploads\\\/2021\\\/04\\\/blanqueamiento-dental-para-quien-es.jpg\",\"datePublished\":\"2021-04-19T07:21:42+00:00\",\"dateModified\":\"2021-04-22T11:25:20+00:00\",\"author\":{\"@id\":\"https:\\\/\\\/cdentalas.com\\\/#\\\/schema\\\/person\\\/f2251d5e6d561019baf821380d583846\"},\"description\":\"T'agradaria lluir unes dents m\u00e9s blanques per\u00f2 no saps si l'emblanquiment dental \u00e9s bo per a tu? Resolem els dubtes m\u00e9s comuns.\",\"breadcrumb\":{\"@id\":\"https:\\\/\\\/cdentalas.com\\\/ca\\\/tots-ens-podem-fer-un-blanquejament-dental\\\/#breadcrumb\"},\"inLanguage\":\"ca\",\"potentialAction\":[{\"@type\":\"ReadAction\",\"target\":[\"https:\\\/\\\/cdentalas.com\\\/ca\\\/tots-ens-podem-fer-un-blanquejament-dental\\\/\"]}]},{\"@type\":\"ImageObject\",\"inLanguage\":\"ca\",\"@id\":\"https:\\\/\\\/cdentalas.com\\\/ca\\\/tots-ens-podem-fer-un-blanquejament-dental\\\/#primaryimage\",\"url\":\"https:\\\/\\\/cdentalas.com\\\/wp-content\\\/uploads\\\/2021\\\/04\\\/blanqueamiento-dental-para-quien-es.jpg\",\"contentUrl\":\"https:\\\/\\\/cdentalas.com\\\/wp-content\\\/uploads\\\/2021\\\/04\\\/blanqueamiento-dental-para-quien-es.jpg\",\"width\":1000,\"height\":500},{\"@type\":\"BreadcrumbList\",\"@id\":\"https:\\\/\\\/cdentalas.com\\\/ca\\\/tots-ens-podem-fer-un-blanquejament-dental\\\/#breadcrumb\",\"itemListElement\":[{\"@type\":\"ListItem\",\"position\":1,\"name\":\"Portada\",\"item\":\"https:\\\/\\\/cdentalas.com\\\/ca\\\/inici\\\/\"},{\"@type\":\"ListItem\",\"position\":2,\"name\":\"El blanquejament dental \u00e9s per a tothom?\"}]},{\"@type\":\"WebSite\",\"@id\":\"https:\\\/\\\/cdentalas.com\\\/#website\",\"url\":\"https:\\\/\\\/cdentalas.com\\\/\",\"name\":\"Cl\u00ednica dental AS - Barcelona\",\"description\":\"Tu cl\u00ednica dental cerca de Sants, Barcelona, con el mejor equipo y la \u00faltima tecnolog\u00eda para tratamientos dentales en un solo d\u00eda.\",\"potentialAction\":[{\"@type\":\"SearchAction\",\"target\":{\"@type\":\"EntryPoint\",\"urlTemplate\":\"https:\\\/\\\/cdentalas.com\\\/?s={search_term_string}\"},\"query-input\":{\"@type\":\"PropertyValueSpecification\",\"valueRequired\":true,\"valueName\":\"search_term_string\"}}],\"inLanguage\":\"ca\"},{\"@type\":\"Person\",\"@id\":\"https:\\\/\\\/cdentalas.com\\\/#\\\/schema\\\/person\\\/f2251d5e6d561019baf821380d583846\",\"name\":\"Dra. S\u00f2nia Herrera\",\"description\":\"Especialista en ortodoncia Licenciada en Odontolog\u00eda por la Universidad de Barcelona. Adem\u00e1s posee un m\u00e1ster en Ortopedia y Ortodoncia. Su experiencia y profesionalidad han devuelto la sonrisa a miles de pacientes.\",\"sameAs\":[\"cristina\"]}]}<\/script>\n<!-- \/ Yoast SEO plugin. -->","yoast_head_json":{"title":"El blanquejament dental \u00e9s per a tothom? - Cl\u00ednica dental AS - Barcelona","description":"T'agradaria lluir unes dents m\u00e9s blanques per\u00f2 no saps si l'emblanquiment dental \u00e9s bo per a tu? Resolem els dubtes m\u00e9s comuns.","robots":{"index":"index","follow":"follow","max-snippet":"max-snippet:-1","max-image-preview":"max-image-preview:large","max-video-preview":"max-video-preview:-1"},"canonical":"https:\/\/cdentalas.com\/ca\/tots-ens-podem-fer-un-blanquejament-dental\/","og_locale":"ca_ES","og_type":"article","og_title":"El blanquejament dental \u00e9s per a tothom? - Cl\u00ednica dental AS - Barcelona","og_description":"T'agradaria lluir unes dents m\u00e9s blanques per\u00f2 no saps si l'emblanquiment dental \u00e9s bo per a tu? Resolem els dubtes m\u00e9s comuns.","og_url":"https:\/\/cdentalas.com\/ca\/tots-ens-podem-fer-un-blanquejament-dental\/","og_site_name":"Cl\u00ednica dental AS - Barcelona","article_published_time":"2021-04-19T07:21:42+00:00","article_modified_time":"2021-04-22T11:25:20+00:00","og_image":[{"width":1000,"height":500,"url":"https:\/\/cdentalas.com\/wp-content\/uploads\/2021\/04\/blanqueamiento-dental-para-quien-es.jpg","type":"image\/jpeg"}],"author":"Dra. S\u00f2nia Herrera","twitter_card":"summary_large_image","twitter_misc":{"Escrit per":"Dra. S\u00f2nia Herrera","Temps estimat de lectura":"6 minuts"},"schema":{"@context":"https:\/\/schema.org","@graph":[{"@type":"Article","@id":"https:\/\/cdentalas.com\/ca\/tots-ens-podem-fer-un-blanquejament-dental\/#article","isPartOf":{"@id":"https:\/\/cdentalas.com\/ca\/tots-ens-podem-fer-un-blanquejament-dental\/"},"author":{"name":"Dra. S\u00f2nia Herrera","@id":"https:\/\/cdentalas.com\/#\/schema\/person\/f2251d5e6d561019baf821380d583846"},"headline":"El blanquejament dental \u00e9s per a tothom?","datePublished":"2021-04-19T07:21:42+00:00","dateModified":"2021-04-22T11:25:20+00:00","mainEntityOfPage":{"@id":"https:\/\/cdentalas.com\/ca\/tots-ens-podem-fer-un-blanquejament-dental\/"},"wordCount":1229,"image":{"@id":"https:\/\/cdentalas.com\/ca\/tots-ens-podem-fer-un-blanquejament-dental\/#primaryimage"},"thumbnailUrl":"https:\/\/cdentalas.com\/wp-content\/uploads\/2021\/04\/blanqueamiento-dental-para-quien-es.jpg","articleSection":["Not\u00edcies"],"inLanguage":"ca"},{"@type":"WebPage","@id":"https:\/\/cdentalas.com\/ca\/tots-ens-podem-fer-un-blanquejament-dental\/","url":"https:\/\/cdentalas.com\/ca\/tots-ens-podem-fer-un-blanquejament-dental\/","name":"El blanquejament dental \u00e9s per a tothom? - Cl\u00ednica dental AS - Barcelona","isPartOf":{"@id":"https:\/\/cdentalas.com\/#website"},"primaryImageOfPage":{"@id":"https:\/\/cdentalas.com\/ca\/tots-ens-podem-fer-un-blanquejament-dental\/#primaryimage"},"image":{"@id":"https:\/\/cdentalas.com\/ca\/tots-ens-podem-fer-un-blanquejament-dental\/#primaryimage"},"thumbnailUrl":"https:\/\/cdentalas.com\/wp-content\/uploads\/2021\/04\/blanqueamiento-dental-para-quien-es.jpg","datePublished":"2021-04-19T07:21:42+00:00","dateModified":"2021-04-22T11:25:20+00:00","author":{"@id":"https:\/\/cdentalas.com\/#\/schema\/person\/f2251d5e6d561019baf821380d583846"},"description":"T'agradaria lluir unes dents m\u00e9s blanques per\u00f2 no saps si l'emblanquiment dental \u00e9s bo per a tu? Resolem els dubtes m\u00e9s comuns.","breadcrumb":{"@id":"https:\/\/cdentalas.com\/ca\/tots-ens-podem-fer-un-blanquejament-dental\/#breadcrumb"},"inLanguage":"ca","potentialAction":[{"@type":"ReadAction","target":["https:\/\/cdentalas.com\/ca\/tots-ens-podem-fer-un-blanquejament-dental\/"]}]},{"@type":"ImageObject","inLanguage":"ca","@id":"https:\/\/cdentalas.com\/ca\/tots-ens-podem-fer-un-blanquejament-dental\/#primaryimage","url":"https:\/\/cdentalas.com\/wp-content\/uploads\/2021\/04\/blanqueamiento-dental-para-quien-es.jpg","contentUrl":"https:\/\/cdentalas.com\/wp-content\/uploads\/2021\/04\/blanqueamiento-dental-para-quien-es.jpg","width":1000,"height":500},{"@type":"BreadcrumbList","@id":"https:\/\/cdentalas.com\/ca\/tots-ens-podem-fer-un-blanquejament-dental\/#breadcrumb","itemListElement":[{"@type":"ListItem","position":1,"name":"Portada","item":"https:\/\/cdentalas.com\/ca\/inici\/"},{"@type":"ListItem","position":2,"name":"El blanquejament dental \u00e9s per a tothom?"}]},{"@type":"WebSite","@id":"https:\/\/cdentalas.com\/#website","url":"https:\/\/cdentalas.com\/","name":"Cl\u00ednica dental AS - Barcelona","description":"Tu cl\u00ednica dental cerca de Sants, Barcelona, con el mejor equipo y la \u00faltima tecnolog\u00eda para tratamientos dentales en un solo d\u00eda.","potentialAction":[{"@type":"SearchAction","target":{"@type":"EntryPoint","urlTemplate":"https:\/\/cdentalas.com\/?s={search_term_string}"},"query-input":{"@type":"PropertyValueSpecification","valueRequired":true,"valueName":"search_term_string"}}],"inLanguage":"ca"},{"@type":"Person","@id":"https:\/\/cdentalas.com\/#\/schema\/person\/f2251d5e6d561019baf821380d583846","name":"Dra. S\u00f2nia Herrera","description":"Especialista en ortodoncia Licenciada en Odontolog\u00eda por la Universidad de Barcelona. Adem\u00e1s posee un m\u00e1ster en Ortopedia y Ortodoncia. Su experiencia y profesionalidad han devuelto la sonrisa a miles de pacientes.","sameAs":["cristina"]}]}},"_links":{"self":[{"href":"https:\/\/cdentalas.com\/ca\/wp-json\/wp\/v2\/posts\/27180","targetHints":{"allow":["GET"]}}],"collection":[{"href":"https:\/\/cdentalas.com\/ca\/wp-json\/wp\/v2\/posts"}],"about":[{"href":"https:\/\/cdentalas.com\/ca\/wp-json\/wp\/v2\/types\/post"}],"author":[{"embeddable":true,"href":"https:\/\/cdentalas.com\/ca\/wp-json\/wp\/v2\/users\/5"}],"replies":[{"embeddable":true,"href":"https:\/\/cdentalas.com\/ca\/wp-json\/wp\/v2\/comments?post=27180"}],"version-history":[{"count":15,"href":"https:\/\/cdentalas.com\/ca\/wp-json\/wp\/v2\/posts\/27180\/revisions"}],"predecessor-version":[{"id":27235,"href":"https:\/\/cdentalas.com\/ca\/wp-json\/wp\/v2\/posts\/27180\/revisions\/27235"}],"wp:featuredmedia":[{"embeddable":true,"href":"https:\/\/cdentalas.com\/ca\/wp-json\/wp\/v2\/media\/27162"}],"wp:attachment":[{"href":"https:\/\/cdentalas.com\/ca\/wp-json\/wp\/v2\/media?parent=27180"}],"wp:term":[{"taxonomy":"category","embeddable":true,"href":"https:\/\/cdentalas.com\/ca\/wp-json\/wp\/v2\/categories?post=27180"},{"taxonomy":"post_tag","embeddable":true,"href":"https:\/\/cdentalas.com\/ca\/wp-json\/wp\/v2\/tags?post=27180"}],"curies":[{"name":"wp","href":"https:\/\/api.w.org\/{rel}","templated":true}]}}